{"provider_url": "https://www.cotia.sp.leg.br", "title": "Vereadores apresentam 14 Indica\u00e7\u00f5es na 6\u00aa Sess\u00e3o Ordin\u00e1ria da C\u00e2mara Municipal", "html": "<p style=\"text-align: justify; \">Al\u00e9m de sete mat\u00e9rias lidas, a 6\u00aa Sess\u00e3o Ordin\u00e1ria da C\u00e2mara Municipal de Cotia teve 14 Indica\u00e7\u00f5es ao Executivo apresentadas pelos vereadores. Durante a reuni\u00e3o dessa ter\u00e7a-feira, dia 10, tamb\u00e9m foram lidos um Requerimento e tr\u00eas Of\u00edcios\u00a0(veja o Resumo completo abaixo e\u00a0<strong><a class=\"external-link\" href=\"https://drive.google.com/file/d/1qmY3BQsSZfAxmLm4bJoFWdJPSkUxlPHx/view\" target=\"_self\" title=\"\">neste link</a></strong>).</p>\r\n<p style=\"text-align: justify; \">Das 14 Indica\u00e7\u00f5es apresentadas, cinco tratam de obras e limpeza em vias municipais. De autoria do vereador Eduardo Nascimento (PSB), as Indica\u00e7\u00f5es n\u00ba 68 a 71/2026 solicitam trabalhos de conserva\u00e7\u00e3o em ruas dos bairros Jardim Beliz\u00e1rio, Jardim Rio Cotia, Jardim Cl\u00e1udio e Parque Alexandra. J\u00e1 a\u00a0Indica\u00e7\u00e3o n\u00ba 72/2026, do vereador Serginho Luiz (PSB), requer\u00a0pavimenta\u00e7\u00e3o asf\u00e1ltica na Ch\u00e1cara Ondas Verdes.</p>\r\n<p style=\"text-align: justify; \">Quatro Indica\u00e7\u00f5es na \u00e1rea da sa\u00fade tamb\u00e9m foram apresentadas pelo vereador Serginho Luiz. Entre as solicita\u00e7\u00f5es do Parlamentar ao Executivo est\u00e3o o fornecimento de \u00f3culos com recursos de acessibilidade para pessoas com defici\u00eancia visual, implanta\u00e7\u00e3o de um centro de diagn\u00f3sticos por imagem 24 horas, Centro Municipal de Atendimento ao Autista e Ambulat\u00f3rio M\u00e9dico de Especialidade do Idoso (AME Idoso).</p>\r\n<p style=\"text-align: justify; \">Todos os vereadores estiveram presentes na 6\u00aa Sess\u00e3o Ordin\u00e1ria. As fotos da reuni\u00e3o podem ser acessadas na\u00a0<strong><a class=\"external-link\" href=\"https://www.flickr.com/photos/150083353@N06/albums/72177720332445920/\" target=\"_self\" title=\"\">Galeria de Imagens</a>\u00a0</strong>e as mat\u00e9rias na \u00edntegra, no\u00a0<strong><a class=\"external-link\" href=\"https://cotia.siscam.com.br/index/80/8\" target=\"_self\" title=\"\">Sistema Siscam</a></strong>.\u00a0</p>\r\n<p style=\"text-align: justify; \">\u00a0</p>\r\n<p style=\"text-align: justify; \"><strong>VETO LIDO:</strong></p>\r\n<ul style=\"text-align: justify; \">\r\n<li><strong><a class=\"external-link\" href=\"https://cotia.siscam.com.br/Documentos/Documento/38799\" target=\"_self\" title=\"\">Veto Total ao Projeto de Lei n\u00ba 150/2025</a> \u2013 do Legislativo</strong> \u2013 de autoria do Vereador Dr. Silvio Cabral \u2013 Altera a Lei n\u00ba 2.009, de 19 de mar\u00e7o de 2018, que autoriza o Poder Executivo a promover a Regulariza\u00e7\u00e3o Fundi\u00e1ria Urbana \u2013 REURB.</li>\r\n</ul>\r\n<p style=\"text-align: justify; \">\u00a0</p>\r\n<p style=\"text-align: justify; \"><strong>PROJETOS LIDOS:</strong></p>\r\n<ul style=\"text-align: justify; \">\r\n<li><strong><a class=\"external-link\" href=\"https://cotia.siscam.com.br/Documentos/Documento/38800\" target=\"_self\" title=\"\">Projeto de Lei Complementar n\u00ba 4/2026</a> \u2013\u00a0do Executivo</strong> \u2013 Altera a Lei Complementar n\u00ba 117, de 12 de maio de 2010, que instituiu o Plano Municipal de Saneamento e d\u00e1 provid\u00eancias correlatas.</li>\r\n<li><strong><a class=\"external-link\" href=\"https://cotia.siscam.com.br/Documentos/Documento/38801\" target=\"_self\" title=\"\">Projeto de Lei n\u00ba 29/2026</a> \u2013\u00a0do Executivo</strong> \u2013 Altera a Lei n\u00ba 1.556, de 18 de dezembro de 2009, que disp\u00f5e sobre a Pol\u00edtica Municipal de Saneamento Ambiental, seus instrumentos e d\u00e1 outras provid\u00eancias.</li>\r\n<li><strong><a class=\"external-link\" href=\"https://cotia.siscam.com.br/Documentos/Documento/38802\" target=\"_self\" title=\"\">Projeto de Lei n\u00ba 30/2026</a> \u2013\u00a0do Executivo</strong> \u2013 Altera a Lei n\u00ba 2.318, de 15 de dezembro de 2023, que institui a pol\u00edtica municipal para redu\u00e7\u00e3o de mortalidade infantil, bem como assist\u00eancia \u00e0 gestante, por meio do Programa denominado \u201cM\u00e3e Cotiana\u201d e d\u00e1 provid\u00eancias correlatas.</li>\r\n<li><strong><a class=\"external-link\" href=\"https://cotia.siscam.com.br/Documentos/Documento/38803\" target=\"_self\" title=\"\">Projeto de Lei n\u00ba 31/2026</a> \u2013 do Executivo</strong> \u2013 Institui a Pol\u00edtica de Assist\u00eancia Social no \u00e2mbito do Munic\u00edpio de Cotia e d\u00e1 outras provid\u00eancias.</li>\r\n<li><strong><a class=\"external-link\" href=\"https://cotia.siscam.com.br/Documentos/Documento/38804\" target=\"_self\" title=\"\">Projeto de Decreto Legislativo n\u00ba 6/2026</a></strong> \u2013<strong>\u00a0do Legislativo</strong> \u2013 de autoria do Vereador Almir Rodrigues \u2013 Concede a Medalha \u2018M\u00e9rito Desportivo\u2019 \u00e0 Atleta Valentina dos Santos Ferreira.</li>\r\n<li><strong><a class=\"external-link\" href=\"https://cotia.siscam.com.br/Documentos/Documento/38805\" target=\"_self\" title=\"\">Projeto de Decreto Legislativo n\u00ba 7/2026</a></strong> \u2013\u00a0<strong>do Legislativo</strong> \u2013 de autoria do Vereador Almir Rodrigues \u2013 \u201cConcede o T\u00edtulo de Cidad\u00e3o Cotiano ao Dr. Arthur Caruso Junior.\u201d</li>\r\n</ul>\r\n<p style=\"text-align: justify; \">\u00a0</p>\r\n<p style=\"text-align: justify; \"><strong>OF\u00cdCIOS DA PREFEITURA:</strong></p>\r\n<ul style=\"text-align: justify; \">\r\n<li><strong>Of\u00edcio GP-DAO n\u00ba 4/2026</strong> \u2013 Encaminha as Leis n\u00ba 2.449 a 2.451, datadas de 24 de fevereiro de 2.026.</li>\r\n<li><strong>Of\u00edcio GP-DAO n\u00ba 5/2026</strong> \u2013 Encaminha as Leis n\u00ba 2.452, 2.453 e as Leis Complementares n\u00ba 404 e 405/2026, datadas de 24 de fevereiro de 2.026.</li>\r\n</ul>\r\n<p style=\"text-align: justify; \">\u00a0</p>\r\n<p style=\"text-align: justify; \"><strong>OF\u00cdCIO DA C\u00c2MARA:</strong></p>\r\n<ul style=\"text-align: justify; \">\r\n<li><strong>Balancete da receita e da despesa da C\u00e2mara Municipal de Cotia</strong> \u2013 Referente ao m\u00eas de fevereiro/2026.</li>\r\n</ul>\r\n<p style=\"text-align: justify; \">\u00a0</p>\r\n<p style=\"text-align: justify; \"><strong>REQUERIMENTO LIDO:</strong></p>\r\n<ul style=\"text-align: justify; \">\r\n<li><strong>Requerimento n\u00ba 3/2026 \u2013 de autoria do Vereador Marcinho Prates</strong> \u2013 Requer dispensa das formalidades regimentais, para aprecia\u00e7\u00e3o na presente Sess\u00e3o, em regime de urg\u00eancia especial, das seguintes mat\u00e9rias: PROJETOS DE DECRETO LEGISLATIVO N\u00ba 6 E 7/2026. APROVADO POR UNANIMIDADE</li>\r\n</ul>\r\n<p style=\"text-align: justify; \">\u00a0</p>\r\n<p style=\"text-align: justify; \"><strong>INDICA\u00c7\u00d5ES:</strong></p>\r\n<ul>\r\n<li style=\"text-align: justify; \"><strong><a class=\"external-link\" href=\"https://cotia.siscam.com.br/Documentos/Documento/38785\" target=\"_self\" title=\"\">Indica\u00e7\u00e3o n\u00ba 60/2026</a> \u2013 de autoria do Vereador Serginho Luiz</strong> \u2013 Implanta\u00e7\u00e3o de programa municipal para fornecimento de \u00f3culos especiais com recursos de acessibilidade.</li>\r\n<li style=\"text-align: justify; \"><strong><a class=\"external-link\" href=\"https://cotia.siscam.com.br/Documentos/Documento/38786\" target=\"_self\" title=\"\">Indica\u00e7\u00e3o n\u00ba 61/2026</a> \u2013 de autoria do Vereador Serginho Luiz</strong> \u2013 Implanta\u00e7\u00e3o de um centro de atendimento \u00e0 mulher 24 horas.</li>\r\n<li style=\"text-align: justify; \"><strong><a class=\"external-link\" href=\"https://cotia.siscam.com.br/Documentos/Documento/38787\" target=\"_self\" title=\"\">Indica\u00e7\u00e3o n\u00ba 62/2026</a> \u2013 de autoria do Vereador Serginho Luiz</strong> \u2013 Implanta\u00e7\u00e3o de um centro de diagn\u00f3sticos por imagem com funcionamento 24 horas.</li>\r\n<li style=\"text-align: justify; \"><strong><a class=\"external-link\" href=\"https://cotia.siscam.com.br/Documentos/Documento/38788\" target=\"_self\" title=\"\">Indica\u00e7\u00e3o n\u00ba 63/2026</a> \u2013 de autoria do Vereador Serginho Luiz</strong> \u2013 priorizar m\u00e3o de obra local nos contratos com empresas terceirizadas na gest\u00e3o de sa\u00fade.</li>\r\n<li style=\"text-align: justify; \"><strong><a class=\"external-link\" href=\"https://cotia.siscam.com.br/Documentos/Documento/38789\" target=\"_self\" title=\"\">Indica\u00e7\u00e3o n\u00ba 64/2026</a> \u2013 de autoria do Vereador Serginho Luiz</strong> \u2013 Regulamenta\u00e7\u00e3o da participa\u00e7\u00e3o das par\u00f3quias de Cotia nas feiras noturnas da Cidade.</li>\r\n<li style=\"text-align: justify; \"><strong><a class=\"external-link\" href=\"https://cotia.siscam.com.br/Documentos/Documento/38790\" target=\"_self\" title=\"\">Indica\u00e7\u00e3o n\u00ba 65/2026</a> \u2013 de autoria do Vereador Serginho Luiz</strong> \u2013 Implanta\u00e7\u00e3o de um centro Municipal de Atendimento ao Autista.</li>\r\n<li style=\"text-align: justify; \"><strong><a class=\"external-link\" href=\"https://cotia.siscam.com.br/Documentos/Documento/38791\" target=\"_self\" title=\"\">Indica\u00e7\u00e3o n\u00ba 66/2026</a> \u2013 de autoria do Vereador Serginho Luiz</strong> \u2013 Implanta\u00e7\u00e3o de AME no Munic\u00edpio de Cotia.</li>\r\n<li style=\"text-align: justify; \"><strong><a class=\"external-link\" href=\"https://cotia.siscam.com.br/Documentos/Documento/38792\" target=\"_self\" title=\"\">Indica\u00e7\u00e3o n\u00ba 67/2026</a> \u2013 de autoria do Vereador Serginho Luiz</strong> \u2013 Realiza\u00e7\u00e3o de reforma geral na Escola Municipal Crian\u00e7as de Cotia I.</li>\r\n<li style=\"text-align: justify; \"><strong><a class=\"external-link\" href=\"https://cotia.siscam.com.br/Documentos/Documento/38793\" target=\"_self\" title=\"\">Indica\u00e7\u00e3o n\u00ba 68/2026</a> \u2013 de autoria do Vereador Eduardo Nascimento</strong> \u2013 Limpeza e conserva\u00e7\u00e3o nas Ruas do bairro Jardim Beliz\u00e1rio.</li>\r\n<li style=\"text-align: justify; \"><strong><a class=\"external-link\" href=\"https://cotia.siscam.com.br/Documentos/Documento/38794\" target=\"_self\" title=\"\">Indica\u00e7\u00e3o n\u00ba 69/2026</a> \u2013 de autoria do Vereador Eduardo Nascimento</strong> \u2013 Limpeza e conserva\u00e7\u00e3o nas Ruas do bairro Jardim Rio Cotia.</li>\r\n<li style=\"text-align: justify; \"><strong><a class=\"external-link\" href=\"https://cotia.siscam.com.br/Documentos/Documento/38795\" target=\"_self\" title=\"\">Indica\u00e7\u00e3o n\u00ba 70/2026</a> \u2013 de autoria do Vereador Eduardo Nascimento</strong> \u2013 Limpeza e conserva\u00e7\u00e3o nas Ruas do bairro Jardim Cl\u00e1udio.</li>\r\n<li style=\"text-align: justify; \"><strong><a class=\"external-link\" href=\"https://cotia.siscam.com.br/Documentos/Documento/38796\" target=\"_self\" title=\"\">Indica\u00e7\u00e3o n\u00ba 71/2026</a> \u2013 de autoria do Vereador Eduardo Nascimento</strong> \u2013 Limpeza e conserva\u00e7\u00e3o nas Ruas do bairro Parque Alexandra.</li>\r\n<li style=\"text-align: justify; \"><strong><a class=\"external-link\" href=\"https://cotia.siscam.com.br/Documentos/Documento/38797\" target=\"_self\" title=\"\">Indica\u00e7\u00e3o n\u00ba 72/2026</a> \u2013 de autoria do Vereador Serginho Luiz</strong> \u2013 Pavimenta\u00e7\u00e3o asf\u00e1ltica com guias e sarjetas em toda extens\u00e3o da Rua Engenheiros, Ch\u00e1cara Ondas Verdes.</li>\r\n<li style=\"text-align: justify; \"><strong><a class=\"external-link\" href=\"https://cotia.siscam.com.br/Documentos/Documento/38798\" target=\"_self\" title=\"\">Indica\u00e7\u00e3o n\u00ba 73/2026</a> \u2013 de autoria do Vereador Dr. Silvio Cabral</strong> \u2013 Realizar a modifica\u00e7\u00e3o da Lei n\u00ba 2.263, de 7 de dezembro de 2022.</li>\r\n</ul>", "author_name": "", "version": "1.0", "author_url": "https://www.cotia.sp.leg.br/author/adm", "provider_name": "C\u00e2mara Municipal de Cotia", "type": "rich"}